{"id":497,"date":"2021-09-22T05:44:18","date_gmt":"2021-09-22T03:44:18","guid":{"rendered":"https:\/\/seed.hu\/?p=497"},"modified":"2021-09-22T05:44:18","modified_gmt":"2021-09-22T03:44:18","slug":"a-tortenet-folytatodik-sikeres-vallalkozonok-es-noi-vallalatvezetok-kerestetnek-2021-ben-is","status":"publish","type":"post","link":"https:\/\/seed.hu\/en\/a-tortenet-folytatodik-sikeres-vallalkozonok-es-noi-vallalatvezetok-kerestetnek-2021-ben-is\/","title":{"rendered":"A t\u00f6rt\u00e9net folytat\u00f3dik\u2026 Sikeres v\u00e1llalkoz\u00f3n\u0151k \u00e9s n\u0151i v\u00e1llalatvezet\u0151k kerestetnek 2021-ben is"},"content":{"rendered":"<p><strong>Az emberek szeretik a t\u00f6rt\u00e9neteket. Szeretnek tanulni, inspir\u00e1l\u00f3dni, er\u0151t mer\u00edteni m\u00e1sok mes\u00e9ib\u0151l. Ez\u00e9rt 2019 \u00e9s 2020 ut\u00e1n a SEED Kisv\u00e1llalkoz\u00e1s-fejleszt\u00e9si Alap\u00edtv\u00e1ny \u00e9s a Sikeres N\u0151k Egyes\u00fclete (Professional Women\u2019s Association \u2013 PWA) id\u00e9n is ki\u00edrja a <em>Van egy j\u00f3 t\u00f6rt\u00e9neted?<\/em> c\u00edm\u0171 p\u00e1ly\u00e1zat\u00e1t, amelyben keresik 2021. legsikeresebb, leginspir\u00e1l\u00f3bb n\u0151i v\u00e1llalkoz\u00f3j\u00e1t \u00e9s n\u0151i v\u00e1llalatvezet\u0151j\u00e9t. A p\u00e1ly\u00e1zat mott\u00f3ja: <em>Sikeres n\u0151k n\u00e9lk\u00fcl nincs sikeres t\u00e1rsadalom<\/em>.<\/strong><\/p>\n<p>A j\u00f3 t\u00f6rt\u00e9net inspir\u00e1l, b\u00e1tor\u00edt, cselekv\u00e9sre k\u00e9sztet. Ilyen t\u00f6rt\u00e9neteket v\u00e1r a SEED Alap\u00edtv\u00e1ny \u00e9s a PWA az id\u00e9n is olyan kezd\u0151 vagy halad\u00f3, esetleg gener\u00e1ci\u00f3v\u00e1lt\u00e1sban (is) \u00e9rintett n\u0151i v\u00e1llalkoz\u00f3kt\u00f3l, n\u0151i vezet\u0151kt\u0151l, akik p\u00e9ld\u00e1jukkal sz\u00edvesen seg\u00edten\u00e9nek m\u00e1s h\u00f6lgyeknek (\u00e9s persze uraknak is) a v\u00e1llalkoz\u00f3i vagy v\u00e1llalatvezet\u0151i p\u00e1ly\u00e1n t\u00f6rt\u00e9n\u0151 elindul\u00e1sban vagy tov\u00e1bbhalad\u00e1sban.<\/p>\n<p>A COVID hat\u00e1sait term\u00e9szetesen jelen p\u00e1ly\u00e1zat sem hagyhatja figyelmen k\u00edv\u00fcl. \u00c9rdekesnek \u00edg\u00e9rkeznek ez\u00e9rt az olyan t\u00f6rt\u00e9netek, amelyek arr\u00f3l sz\u00f3lnak, hogy a n\u0151i v\u00e1llalkoz\u00f3k, n\u0151i vezet\u0151k hogyan \u00e9lt\u00e9k meg az elm\u00falt m\u00e1sf\u00e9l \u00e9vet, hogyan tudtak reag\u00e1lni ezen id\u0151szak t\u00e1rsadalmi \u00e9s gazdas\u00e1gi kih\u00edv\u00e1saira n\u0151k\u00e9nt (pl. munka \u00e9s mag\u00e1n\u00e9let \u00f6sszeegyeztet\u00e9se) \u00e9s v\u00e1llalkoz\u00f3k\u00e9nt, v\u00e1llalatvezet\u0151k\u00e9nt (a csapat egyben tart\u00e1sa, a szervezet rezilienci\u00e1j\u00e1nak n\u00f6vel\u00e9se, ez\u00e1ltal a t\u00fal\u00e9l\u00e9s biztos\u00edt\u00e1sa). Mert sz\u00fcks\u00e9g van h\u00e9tk\u00f6znapi h\u0151s\u00f6kre, akiknek p\u00e9ld\u00e1j\u00e1b\u00f3l, cselekedeteib\u0151l mindannyian mer\u00edthet\u00fcnk.<\/p>\n<p>Az elm\u00falt \u00e9vek tapasztalatai alapj\u00e1n, id\u00e9n kifejezett <em>lehet\u0151s\u00e9g van arra is, hogy egy c\u00e9g kollekt\u00edv\u00e1ja vagy v\u00e1llalkoz\u00f3k\/partnerek egy csoportja jel\u00f6lje<\/em> az elismer\u00e9sre a v\u00e1llalat vezet\u0151j\u00e9t (n\u0151i vezet\u0151k eset\u00e9ben), illetve a v\u00e1llalkoz\u00f3t\u00e1rsat (n\u0151i v\u00e1llalkoz\u00f3k eset\u00e9ben). Ebben az esetben nyilv\u00e1nval\u00f3 m\u00f3don a t\u00f6rt\u00e9netet is \u0151k \u00edrj\u00e1k, a saj\u00e1t szemsz\u00f6g\u00fckb\u0151l mutatva be az elismer\u00e9sre el\u0151terjesztett v\u00e1llalkoz\u00f3\/vezet\u0151 tev\u00e9kenys\u00e9g\u00e9t.<\/p>\n<p>Miut\u00e1n a beny\u00fajtott p\u00e1ly\u00e1zatok k\u00f6z\u00fcl a k\u00f6z\u00f6ns\u00e9g id\u00e9n is kiv\u00e1laszt egyet, amelyet<em> K\u00f6z\u00f6ns\u00e9gd\u00edjjal <\/em>jutalmaz, a p\u00e1ly\u00e1zati anyaghoz csatolt, a jelentkez\u0151t bemutat\u00f3 <em>r\u00f6vid vide\u00f3<\/em> nagy seg\u00edts\u00e9g lehet a k\u00f6z\u00f6ns\u00e9gszavazatok gy\u0171jt\u00e9s\u00e9ben.<\/p>\n<p>Nem reg\u00e9nyeket, hanem r\u00f6vid, vel\u0151s, emberi t\u00f6rt\u00e9neteket v\u00e1runk <strong>2021. szeptember 12-\u00e9n \u00e9jf\u00e9lig<\/strong>.<\/p>\n<p>A be\u00e9rkezett p\u00e1ly\u00e1zatokat n\u0151i v\u00e1llalkoz\u00e1sok fejleszt\u00e9s\u00e9ben j\u00e1rtas szakemberek, valamint v\u00e1llalatvezet\u0151 \u00e9s v\u00e1llalkoz\u00f3 h\u00f6lgyek b\u00edr\u00e1lj\u00e1k el. A d\u00edj\u00e1tad\u00f3 g\u00e1l\u00e1ra a tervek \u00e9s a lehet\u0151s\u00e9gek szerint \u201e\u00e9l\u0151ben\u201d, <strong>2021. szeptember 29-\u00e9n ker\u00fcl sor<\/strong>.<\/p>\n<p>A p\u00e1ly\u00e1zatr\u00f3l tov\u00e1bbi inform\u00e1ci\u00f3k \u00e9s jelentkez\u00e9si \u0171rlap a k\u00f6vetkez\u0151 linken \u00e1ll rendelkez\u00e9sre:<br \/>\n<strong><a href=\"http:\/\/www.pwa.hu\/jelentkezesi-urlap-sikertortenetek-2021-van-egy-jo-torteneted\/\" target=\"_blank\" rel=\"noopener\">Jelentkez\u00e9si \u0171rlap: Sikert\u00f6rt\u00e9netek 2021 \u2013 Van egy j\u00f3 t\u00f6rt\u00e9neted?<\/a><\/strong><\/p>\n<p><strong><u>A szervez\u0151k a k\u00f6vetkez\u0151 kateg\u00f3ri\u00e1kban osztanak majd ki elismer\u00e9st<\/u><\/strong><\/p>\n<p>I. Legsikeresebb n\u0151i v\u00e1llalkoz\u00f3, v\u00e1llalkoz\u00e1s<br \/>\nII. Legsikeresebb n\u0151i vezet\u0151<br \/>\nIII.\u00a0Leginspir\u00e1l\u00f3bb sikert\u00f6rt\u00e9net \u2013 K\u00f6z\u00f6ns\u00e9gszavazat alapj\u00e1n<\/p>\n<p><u><strong>2019-es \u00e9s 2020-as d\u00edjazottak<\/strong><\/u><\/p>\n<p>I. Legsikeresebb n\u0151i v\u00e1llalkoz\u00f3, v\u00e1llalkoz\u00e1s<\/p>\n<ul>\n<li><strong>Nagy Anna<\/strong>, az Egysz\u00fcl\u0151s K\u00f6zpont meg\u00e1lmod\u00f3ja \u00e9s vezet\u0151je (2019)<\/li>\n<li><strong>Lopes-Szab\u00f3 Zsuzsanna<\/strong> a Gy\u00f6rgytea Kft. vezet\u0151je (2020)<\/li>\n<\/ul>\n<p>II. Legsikeresebb n\u0151i vezet\u0151<\/p>\n<ul>\n<li><strong>\u00d3nodi \u00c1gnes<\/strong>, Babahordoz\u00f3 Kft. (2019)<\/li>\n<li><strong>Hermann Zsuzsanna<\/strong>, a Trade Magazin \u00fcgyvezet\u0151-f\u0151szerkeszt\u0151je (2020)<\/li>\n<\/ul>\n<p>III. Leginspir\u00e1l\u00f3bb sikert\u00f6rt\u00e9net \u2013 K\u00f6z\u00f6ns\u00e9gszavazat alapj\u00e1n<\/p>\n<ul>\n<li><strong>Palya Bea<\/strong>, az els\u0151 magyar n\u0151i \u00e9nekes-dalszerz\u0151 (2019)<\/li>\n<li><strong>Dohos \u00c1gnes<\/strong>, az IT megold\u00e1sokat sz\u00e1ll\u00edt\u00f3 IDBC C\u00e9gcsoport \u00fcgyvezet\u0151 partnere (2020)<\/li>\n<\/ul>\n<p><strong><em>A p\u00e1ly\u00e1zatr\u00f3l tov\u00e1bbi inform\u00e1ci\u00f3:<\/em><\/strong><\/p>\n<p>Lakatosn\u00e9 Luk\u00e1cs Zsuzsanna \u00fcgyvezet\u0151, SEED Alap\u00edtv\u00e1ny, +36 20\u00a0474 7486<br \/>\n<strong><a href=\"mailto:zsuzsanna.lukacs.lakatosne@seed.hu?subject=Sikeres%20v%C3%A1llalkoz%C3%B3n%C5%91k%20%C3%A9s%20n%C5%91i%20v%C3%A1llalatvezet%C5%91k%20kerestetnek%202021-ben%20is%20-%20p%C3%A1ly%C3%A1zat\">zsuzsanna.lukacs.lakatosne@seed.hu<\/a><\/strong><\/p>\n<p>Katona Melinda kurat\u00f3riumi eln\u00f6k, PWA, + 36 30\u00a0445 3487<br \/>\n<strong><a href=\"mailto:melinda-katona@borelisconsulting.hu?subject=Sikeres%20v%C3%A1llalkoz%C3%B3n%C5%91k%20%C3%A9s%20n%C5%91i%20v%C3%A1llalatvezet%C5%91k%20kerestetnek%202021-ben%20is%20-%20p%C3%A1ly%C3%A1zat\">melinda.katona@borealisconsulting.hu<\/a><\/strong><\/p>\n<p><strong>A szerkeszt\u0151k figyelm\u00e9be:<\/strong><\/p>\n<p><strong>SEED Alap\u00edtv\u00e1ny<\/strong><br \/>\nA SEED Kisv\u00e1llalkoz\u00e1s-fejleszt\u00e9si Alap\u00edtv\u00e1nyt 1990 elej\u00e9n hozt\u00e1k l\u00e9tre v\u00e1llalkoz\u00f3i \u00e9rdekk\u00e9pviseletek, fels\u0151oktat\u00e1si int\u00e9zm\u00e9nyek, p\u00e9nzint\u00e9zetek \u00e9s miniszt\u00e9riumok (az ITM \u00e9s az Agr\u00e1rminiszt\u00e9rium jogel\u0151djei). A SEED k\u00fcldet\u00e9se a magyarorsz\u00e1gi v\u00e1llalkoz\u00f3i kult\u00fara fejleszt\u00e9se, a v\u00e1llalkoz\u00f3k szakmai ismereteinek b\u0151v\u00edt\u00e9se, a kisv\u00e1llalkoz\u00e1sok versenyk\u00e9pess\u00e9g\u00e9nek n\u00f6vel\u00e9se, ez\u00e1ltal a fenntarthat\u00f3 gazdas\u00e1gi fejl\u0151d\u00e9s el\u0151mozd\u00edt\u00e1sa, a tudatos \u00e9s hat\u00e9kony v\u00e1llalkoz\u00f3i magatart\u00e1s n\u00e9pszer\u0171s\u00edt\u00e9se \u00e9s fejleszt\u00e9se. A SEED Alap\u00edtv\u00e1nynak megalap\u00edt\u00e1sa \u00f3ta f\u0151 c\u00e9lja a n\u0151i v\u00e1llalkoz\u00e1sok fejleszt\u00e9se, 30 \u00e9ve folyamatosan m\u0171k\u00f6dtet ilyen c\u00e9llal v\u00e1llalkoz\u00e1sfejleszt\u00e9si programokat.<\/p>\n<p><strong><a href=\"http:\/\/www.seed.hu\" target=\"_blank\" rel=\"noopener\">www.seed.hu<\/a><\/strong><\/p>\n<p><strong>Sikeres N\u0151k Egyes\u00fclete \u2212 PWA<\/strong><\/p>\n<p>A PWA azon dolgozik, hogy a k\u00fcl\u00f6nb\u00f6z\u0151 hivat\u00e1sban dolgoz\u00f3 n\u0151k el\u0151menetel\u00e9t seg\u00edtse karrier lehet\u0151s\u00e9gek, munka-\u00e9let strat\u00e9gi\u00e1k, er\u0151forr\u00e1s menedzsment, k\u00e9pess\u00e9gfejleszt\u00e9s \u00e9s kapcsolat\u00e9p\u00edt\u00e9si lehet\u0151s\u00e9geken kereszt\u00fcl.<\/p>\n<p>A PWA c\u00e9lja \u00f6szt\u00f6n\u00f6zni Magyarorsz\u00e1gon a n\u0151k gazdas\u00e1gi szerepv\u00e1llal\u00e1s\u00e1t, seg\u00edteni \u0151ket vezet\u0151i amb\u00edci\u00f3ik el\u00e9r\u00e9s\u00e9ben, illetve elismerni f\u00e9rfi vezet\u0151ket, akik t\u00e1mogatj\u00e1k a gazdas\u00e1gi \u00e9s a szakmai egy\u00fcttm\u0171k\u00f6d\u00e9st.<\/p>\n<p><strong><a href=\"http:\/\/www.pwa.hu\" target=\"_blank\" rel=\"noopener\">www.pwa.hu<\/a><\/strong><\/p>\n<style>\n.post-template-default.single.single-post .single-blog-box strong a{\ncolor:white;\n}\n<\/style>\n","protected":false},"excerpt":{"rendered":"<p>Az emberek szeretik a t\u00f6rt\u00e9neteket. Szeretnek tanulni, inspir\u00e1l\u00f3dni, er\u0151t mer\u00edteni m\u00e1sok mes\u00e9ib\u0151l. Ez\u00e9rt 2019 \u00e9s 2020 ut\u00e1n a SEED Kisv\u00e1llalkoz\u00e1s-fejleszt\u00e9si Alap\u00edtv\u00e1ny \u00e9s a Sikeres N\u0151k Egyes\u00fclete (Professional Women\u2019s Association \u2013 PWA) id\u00e9n is ki\u00edrja a Van egy j\u00f3 t\u00f6rt\u00e9neted? c\u00edm\u0171 p\u00e1ly\u00e1zat\u00e1t, amelyben keresik 2021. legsikeresebb, leginspir\u00e1l\u00f3bb n\u0151i v\u00e1llalkoz\u00f3j\u00e1t \u00e9s n\u0151i v\u00e1llalatvezet\u0151j\u00e9t. A p\u00e1ly\u00e1zat mott\u00f3ja: Sikeres [&hellip;]<\/p>\n","protected":false},"author":1,"featured_media":130,"comment_status":"closed","ping_status":"closed","sticky":false,"template":"","format":"standard","meta":{"_acf_changed":false,"footnotes":""},"categories":[3],"tags":[],"class_list":["post-497","post","type-post","status-publish","format-standard","has-post-thumbnail","hentry","category-uncategorized"],"acf":[],"yoast_head":"<!-- This site is optimized with the Yoast SEO plugin v27.4 - https:\/\/yoast.com\/product\/yoast-seo-wordpress\/ -->\n<title>A t\u00f6rt\u00e9net folytat\u00f3dik\u2026 Sikeres v\u00e1llalkoz\u00f3n\u0151k \u00e9s n\u0151i v\u00e1llalatvezet\u0151k kerestetnek 2021-ben is - Seed<\/title>\n<meta name=\"robots\" content=\"index, follow, max-snippet:-1, max-image-preview:large, max-video-preview:-1\" \/>\n<link rel=\"canonical\" href=\"https:\/\/seed.hu\/en\/a-tortenet-folytatodik-sikeres-vallalkozonok-es-noi-vallalatvezetok-kerestetnek-2021-ben-is\/\" \/>\n<meta property=\"og:locale\" content=\"en_US\" \/>\n<meta property=\"og:type\" content=\"article\" \/>\n<meta property=\"og:title\" content=\"A t\u00f6rt\u00e9net folytat\u00f3dik\u2026 Sikeres v\u00e1llalkoz\u00f3n\u0151k \u00e9s n\u0151i v\u00e1llalatvezet\u0151k kerestetnek 2021-ben is - Seed\" \/>\n<meta property=\"og:description\" content=\"Az emberek szeretik a t\u00f6rt\u00e9neteket. Szeretnek tanulni, inspir\u00e1l\u00f3dni, er\u0151t mer\u00edteni m\u00e1sok mes\u00e9ib\u0151l. Ez\u00e9rt 2019 \u00e9s 2020 ut\u00e1n a SEED Kisv\u00e1llalkoz\u00e1s-fejleszt\u00e9si Alap\u00edtv\u00e1ny \u00e9s a Sikeres N\u0151k Egyes\u00fclete (Professional Women\u2019s Association \u2013 PWA) id\u00e9n is ki\u00edrja a Van egy j\u00f3 t\u00f6rt\u00e9neted? c\u00edm\u0171 p\u00e1ly\u00e1zat\u00e1t, amelyben keresik 2021. legsikeresebb, leginspir\u00e1l\u00f3bb n\u0151i v\u00e1llalkoz\u00f3j\u00e1t \u00e9s n\u0151i v\u00e1llalatvezet\u0151j\u00e9t. A p\u00e1ly\u00e1zat mott\u00f3ja: Sikeres [&hellip;]\" \/>\n<meta property=\"og:url\" content=\"https:\/\/seed.hu\/en\/a-tortenet-folytatodik-sikeres-vallalkozonok-es-noi-vallalatvezetok-kerestetnek-2021-ben-is\/\" \/>\n<meta property=\"og:site_name\" content=\"Seed\" \/>\n<meta property=\"article:published_time\" content=\"2021-09-22T03:44:18+00:00\" \/>\n<meta property=\"og:image\" content=\"https:\/\/seed.hu\/wp-content\/uploads\/2021\/02\/dobbanto.jpg\" \/>\n\t<meta property=\"og:image:width\" content=\"613\" \/>\n\t<meta property=\"og:image:height\" content=\"552\" \/>\n\t<meta property=\"og:image:type\" content=\"image\/jpeg\" \/>\n<meta name=\"author\" content=\"seed_admin\" \/>\n<meta name=\"twitter:card\" content=\"summary_large_image\" \/>\n<meta name=\"twitter:label1\" content=\"Written by\" \/>\n\t<meta name=\"twitter:data1\" content=\"seed_admin\" \/>\n\t<meta name=\"twitter:label2\" content=\"Est. reading time\" \/>\n\t<meta name=\"twitter:data2\" content=\"5 minutes\" \/>\n<script type=\"application\/ld+json\" class=\"yoast-schema-graph\">{\"@context\":\"https:\\\/\\\/schema.org\",\"@graph\":[{\"@type\":\"Article\",\"@id\":\"https:\\\/\\\/seed.hu\\\/en\\\/a-tortenet-folytatodik-sikeres-vallalkozonok-es-noi-vallalatvezetok-kerestetnek-2021-ben-is\\\/#article\",\"isPartOf\":{\"@id\":\"https:\\\/\\\/seed.hu\\\/en\\\/a-tortenet-folytatodik-sikeres-vallalkozonok-es-noi-vallalatvezetok-kerestetnek-2021-ben-is\\\/\"},\"author\":{\"name\":\"seed_admin\",\"@id\":\"https:\\\/\\\/seed.hu\\\/#\\\/schema\\\/person\\\/5da7f232411ac5c14d25a03f853691a0\"},\"headline\":\"A t\u00f6rt\u00e9net folytat\u00f3dik\u2026 Sikeres v\u00e1llalkoz\u00f3n\u0151k \u00e9s n\u0151i v\u00e1llalatvezet\u0151k kerestetnek 2021-ben is\",\"datePublished\":\"2021-09-22T03:44:18+00:00\",\"mainEntityOfPage\":{\"@id\":\"https:\\\/\\\/seed.hu\\\/en\\\/a-tortenet-folytatodik-sikeres-vallalkozonok-es-noi-vallalatvezetok-kerestetnek-2021-ben-is\\\/\"},\"wordCount\":1027,\"image\":{\"@id\":\"https:\\\/\\\/seed.hu\\\/en\\\/a-tortenet-folytatodik-sikeres-vallalkozonok-es-noi-vallalatvezetok-kerestetnek-2021-ben-is\\\/#primaryimage\"},\"thumbnailUrl\":\"https:\\\/\\\/seed.hu\\\/wp-content\\\/uploads\\\/2021\\\/02\\\/dobbanto.jpg\",\"inLanguage\":\"en-US\"},{\"@type\":\"WebPage\",\"@id\":\"https:\\\/\\\/seed.hu\\\/en\\\/a-tortenet-folytatodik-sikeres-vallalkozonok-es-noi-vallalatvezetok-kerestetnek-2021-ben-is\\\/\",\"url\":\"https:\\\/\\\/seed.hu\\\/en\\\/a-tortenet-folytatodik-sikeres-vallalkozonok-es-noi-vallalatvezetok-kerestetnek-2021-ben-is\\\/\",\"name\":\"A t\u00f6rt\u00e9net folytat\u00f3dik\u2026 Sikeres v\u00e1llalkoz\u00f3n\u0151k \u00e9s n\u0151i v\u00e1llalatvezet\u0151k kerestetnek 2021-ben is - Seed\",\"isPartOf\":{\"@id\":\"https:\\\/\\\/seed.hu\\\/#website\"},\"primaryImageOfPage\":{\"@id\":\"https:\\\/\\\/seed.hu\\\/en\\\/a-tortenet-folytatodik-sikeres-vallalkozonok-es-noi-vallalatvezetok-kerestetnek-2021-ben-is\\\/#primaryimage\"},\"image\":{\"@id\":\"https:\\\/\\\/seed.hu\\\/en\\\/a-tortenet-folytatodik-sikeres-vallalkozonok-es-noi-vallalatvezetok-kerestetnek-2021-ben-is\\\/#primaryimage\"},\"thumbnailUrl\":\"https:\\\/\\\/seed.hu\\\/wp-content\\\/uploads\\\/2021\\\/02\\\/dobbanto.jpg\",\"datePublished\":\"2021-09-22T03:44:18+00:00\",\"author\":{\"@id\":\"https:\\\/\\\/seed.hu\\\/#\\\/schema\\\/person\\\/5da7f232411ac5c14d25a03f853691a0\"},\"inLanguage\":\"en-US\",\"potentialAction\":[{\"@type\":\"ReadAction\",\"target\":[\"https:\\\/\\\/seed.hu\\\/en\\\/a-tortenet-folytatodik-sikeres-vallalkozonok-es-noi-vallalatvezetok-kerestetnek-2021-ben-is\\\/\"]}]},{\"@type\":\"ImageObject\",\"inLanguage\":\"en-US\",\"@id\":\"https:\\\/\\\/seed.hu\\\/en\\\/a-tortenet-folytatodik-sikeres-vallalkozonok-es-noi-vallalatvezetok-kerestetnek-2021-ben-is\\\/#primaryimage\",\"url\":\"https:\\\/\\\/seed.hu\\\/wp-content\\\/uploads\\\/2021\\\/02\\\/dobbanto.jpg\",\"contentUrl\":\"https:\\\/\\\/seed.hu\\\/wp-content\\\/uploads\\\/2021\\\/02\\\/dobbanto.jpg\",\"width\":613,\"height\":552},{\"@type\":\"WebSite\",\"@id\":\"https:\\\/\\\/seed.hu\\\/#website\",\"url\":\"https:\\\/\\\/seed.hu\\\/\",\"name\":\"Seed\",\"description\":\"\",\"potentialAction\":[{\"@type\":\"SearchAction\",\"target\":{\"@type\":\"EntryPoint\",\"urlTemplate\":\"https:\\\/\\\/seed.hu\\\/?s={search_term_string}\"},\"query-input\":{\"@type\":\"PropertyValueSpecification\",\"valueRequired\":true,\"valueName\":\"search_term_string\"}}],\"inLanguage\":\"en-US\"},{\"@type\":\"Person\",\"@id\":\"https:\\\/\\\/seed.hu\\\/#\\\/schema\\\/person\\\/5da7f232411ac5c14d25a03f853691a0\",\"name\":\"seed_admin\",\"image\":{\"@type\":\"ImageObject\",\"inLanguage\":\"en-US\",\"@id\":\"https:\\\/\\\/secure.gravatar.com\\\/avatar\\\/6e4c2a1bb2d8dc3e53f8533a99d50af8fd012fe0056f6e7d6eb8a34ad6001834?s=96&d=mm&r=g\",\"url\":\"https:\\\/\\\/secure.gravatar.com\\\/avatar\\\/6e4c2a1bb2d8dc3e53f8533a99d50af8fd012fe0056f6e7d6eb8a34ad6001834?s=96&d=mm&r=g\",\"contentUrl\":\"https:\\\/\\\/secure.gravatar.com\\\/avatar\\\/6e4c2a1bb2d8dc3e53f8533a99d50af8fd012fe0056f6e7d6eb8a34ad6001834?s=96&d=mm&r=g\",\"caption\":\"seed_admin\"},\"sameAs\":[\"https:\\\/\\\/seed.hu\"],\"url\":\"https:\\\/\\\/seed.hu\\\/en\\\/author\\\/seed_admin\\\/\"}]}<\/script>\n<!-- \/ Yoast SEO plugin. -->","yoast_head_json":{"title":"A t\u00f6rt\u00e9net folytat\u00f3dik\u2026 Sikeres v\u00e1llalkoz\u00f3n\u0151k \u00e9s n\u0151i v\u00e1llalatvezet\u0151k kerestetnek 2021-ben is - Seed","robots":{"index":"index","follow":"follow","max-snippet":"max-snippet:-1","max-image-preview":"max-image-preview:large","max-video-preview":"max-video-preview:-1"},"canonical":"https:\/\/seed.hu\/en\/a-tortenet-folytatodik-sikeres-vallalkozonok-es-noi-vallalatvezetok-kerestetnek-2021-ben-is\/","og_locale":"en_US","og_type":"article","og_title":"A t\u00f6rt\u00e9net folytat\u00f3dik\u2026 Sikeres v\u00e1llalkoz\u00f3n\u0151k \u00e9s n\u0151i v\u00e1llalatvezet\u0151k kerestetnek 2021-ben is - Seed","og_description":"Az emberek szeretik a t\u00f6rt\u00e9neteket. Szeretnek tanulni, inspir\u00e1l\u00f3dni, er\u0151t mer\u00edteni m\u00e1sok mes\u00e9ib\u0151l. Ez\u00e9rt 2019 \u00e9s 2020 ut\u00e1n a SEED Kisv\u00e1llalkoz\u00e1s-fejleszt\u00e9si Alap\u00edtv\u00e1ny \u00e9s a Sikeres N\u0151k Egyes\u00fclete (Professional Women\u2019s Association \u2013 PWA) id\u00e9n is ki\u00edrja a Van egy j\u00f3 t\u00f6rt\u00e9neted? c\u00edm\u0171 p\u00e1ly\u00e1zat\u00e1t, amelyben keresik 2021. legsikeresebb, leginspir\u00e1l\u00f3bb n\u0151i v\u00e1llalkoz\u00f3j\u00e1t \u00e9s n\u0151i v\u00e1llalatvezet\u0151j\u00e9t. A p\u00e1ly\u00e1zat mott\u00f3ja: Sikeres [&hellip;]","og_url":"https:\/\/seed.hu\/en\/a-tortenet-folytatodik-sikeres-vallalkozonok-es-noi-vallalatvezetok-kerestetnek-2021-ben-is\/","og_site_name":"Seed","article_published_time":"2021-09-22T03:44:18+00:00","og_image":[{"width":613,"height":552,"url":"https:\/\/seed.hu\/wp-content\/uploads\/2021\/02\/dobbanto.jpg","type":"image\/jpeg"}],"author":"seed_admin","twitter_card":"summary_large_image","twitter_misc":{"Written by":"seed_admin","Est. reading time":"5 minutes"},"schema":{"@context":"https:\/\/schema.org","@graph":[{"@type":"Article","@id":"https:\/\/seed.hu\/en\/a-tortenet-folytatodik-sikeres-vallalkozonok-es-noi-vallalatvezetok-kerestetnek-2021-ben-is\/#article","isPartOf":{"@id":"https:\/\/seed.hu\/en\/a-tortenet-folytatodik-sikeres-vallalkozonok-es-noi-vallalatvezetok-kerestetnek-2021-ben-is\/"},"author":{"name":"seed_admin","@id":"https:\/\/seed.hu\/#\/schema\/person\/5da7f232411ac5c14d25a03f853691a0"},"headline":"A t\u00f6rt\u00e9net folytat\u00f3dik\u2026 Sikeres v\u00e1llalkoz\u00f3n\u0151k \u00e9s n\u0151i v\u00e1llalatvezet\u0151k kerestetnek 2021-ben is","datePublished":"2021-09-22T03:44:18+00:00","mainEntityOfPage":{"@id":"https:\/\/seed.hu\/en\/a-tortenet-folytatodik-sikeres-vallalkozonok-es-noi-vallalatvezetok-kerestetnek-2021-ben-is\/"},"wordCount":1027,"image":{"@id":"https:\/\/seed.hu\/en\/a-tortenet-folytatodik-sikeres-vallalkozonok-es-noi-vallalatvezetok-kerestetnek-2021-ben-is\/#primaryimage"},"thumbnailUrl":"https:\/\/seed.hu\/wp-content\/uploads\/2021\/02\/dobbanto.jpg","inLanguage":"en-US"},{"@type":"WebPage","@id":"https:\/\/seed.hu\/en\/a-tortenet-folytatodik-sikeres-vallalkozonok-es-noi-vallalatvezetok-kerestetnek-2021-ben-is\/","url":"https:\/\/seed.hu\/en\/a-tortenet-folytatodik-sikeres-vallalkozonok-es-noi-vallalatvezetok-kerestetnek-2021-ben-is\/","name":"A t\u00f6rt\u00e9net folytat\u00f3dik\u2026 Sikeres v\u00e1llalkoz\u00f3n\u0151k \u00e9s n\u0151i v\u00e1llalatvezet\u0151k kerestetnek 2021-ben is - Seed","isPartOf":{"@id":"https:\/\/seed.hu\/#website"},"primaryImageOfPage":{"@id":"https:\/\/seed.hu\/en\/a-tortenet-folytatodik-sikeres-vallalkozonok-es-noi-vallalatvezetok-kerestetnek-2021-ben-is\/#primaryimage"},"image":{"@id":"https:\/\/seed.hu\/en\/a-tortenet-folytatodik-sikeres-vallalkozonok-es-noi-vallalatvezetok-kerestetnek-2021-ben-is\/#primaryimage"},"thumbnailUrl":"https:\/\/seed.hu\/wp-content\/uploads\/2021\/02\/dobbanto.jpg","datePublished":"2021-09-22T03:44:18+00:00","author":{"@id":"https:\/\/seed.hu\/#\/schema\/person\/5da7f232411ac5c14d25a03f853691a0"},"inLanguage":"en-US","potentialAction":[{"@type":"ReadAction","target":["https:\/\/seed.hu\/en\/a-tortenet-folytatodik-sikeres-vallalkozonok-es-noi-vallalatvezetok-kerestetnek-2021-ben-is\/"]}]},{"@type":"ImageObject","inLanguage":"en-US","@id":"https:\/\/seed.hu\/en\/a-tortenet-folytatodik-sikeres-vallalkozonok-es-noi-vallalatvezetok-kerestetnek-2021-ben-is\/#primaryimage","url":"https:\/\/seed.hu\/wp-content\/uploads\/2021\/02\/dobbanto.jpg","contentUrl":"https:\/\/seed.hu\/wp-content\/uploads\/2021\/02\/dobbanto.jpg","width":613,"height":552},{"@type":"WebSite","@id":"https:\/\/seed.hu\/#website","url":"https:\/\/seed.hu\/","name":"Seed","description":"","potentialAction":[{"@type":"SearchAction","target":{"@type":"EntryPoint","urlTemplate":"https:\/\/seed.hu\/?s={search_term_string}"},"query-input":{"@type":"PropertyValueSpecification","valueRequired":true,"valueName":"search_term_string"}}],"inLanguage":"en-US"},{"@type":"Person","@id":"https:\/\/seed.hu\/#\/schema\/person\/5da7f232411ac5c14d25a03f853691a0","name":"seed_admin","image":{"@type":"ImageObject","inLanguage":"en-US","@id":"https:\/\/secure.gravatar.com\/avatar\/6e4c2a1bb2d8dc3e53f8533a99d50af8fd012fe0056f6e7d6eb8a34ad6001834?s=96&d=mm&r=g","url":"https:\/\/secure.gravatar.com\/avatar\/6e4c2a1bb2d8dc3e53f8533a99d50af8fd012fe0056f6e7d6eb8a34ad6001834?s=96&d=mm&r=g","contentUrl":"https:\/\/secure.gravatar.com\/avatar\/6e4c2a1bb2d8dc3e53f8533a99d50af8fd012fe0056f6e7d6eb8a34ad6001834?s=96&d=mm&r=g","caption":"seed_admin"},"sameAs":["https:\/\/seed.hu"],"url":"https:\/\/seed.hu\/en\/author\/seed_admin\/"}]}},"_links":{"self":[{"href":"https:\/\/seed.hu\/en\/wp-json\/wp\/v2\/posts\/497","targetHints":{"allow":["GET"]}}],"collection":[{"href":"https:\/\/seed.hu\/en\/wp-json\/wp\/v2\/posts"}],"about":[{"href":"https:\/\/seed.hu\/en\/wp-json\/wp\/v2\/types\/post"}],"author":[{"embeddable":true,"href":"https:\/\/seed.hu\/en\/wp-json\/wp\/v2\/users\/1"}],"replies":[{"embeddable":true,"href":"https:\/\/seed.hu\/en\/wp-json\/wp\/v2\/comments?post=497"}],"version-history":[{"count":1,"href":"https:\/\/seed.hu\/en\/wp-json\/wp\/v2\/posts\/497\/revisions"}],"predecessor-version":[{"id":498,"href":"https:\/\/seed.hu\/en\/wp-json\/wp\/v2\/posts\/497\/revisions\/498"}],"wp:featuredmedia":[{"embeddable":true,"href":"https:\/\/seed.hu\/en\/wp-json\/wp\/v2\/media\/130"}],"wp:attachment":[{"href":"https:\/\/seed.hu\/en\/wp-json\/wp\/v2\/media?parent=497"}],"wp:term":[{"taxonomy":"category","embeddable":true,"href":"https:\/\/seed.hu\/en\/wp-json\/wp\/v2\/categories?post=497"},{"taxonomy":"post_tag","embeddable":true,"href":"https:\/\/seed.hu\/en\/wp-json\/wp\/v2\/tags?post=497"}],"curies":[{"name":"wp","href":"https:\/\/api.w.org\/{rel}","templated":true}]}}